{"id":61,"date":"2012-06-07T21:06:55","date_gmt":"2012-06-07T19:06:55","guid":{"rendered":"http:\/\/www.fredtorssander.se\/fredpress\/?p=61"},"modified":"2012-06-07T21:09:02","modified_gmt":"2012-06-07T19:09:02","slug":"andra-fasen-i-skapandet-av-naturlig-arbetsloshet-i-sverige","status":"publish","type":"post","link":"https:\/\/www.fredtorssander.se\/fredpress\/2012\/06\/07\/andra-fasen-i-skapandet-av-naturlig-arbetsloshet-i-sverige\/","title":{"rendered":"Andra fasen i skapandet av \u201dnaturlig arbetsl\u00f6shet\u201d i Sverige"},"content":{"rendered":"<div>\n<p>Den f\u00f6rsta fasen i etablerandet av den naturliga arbetsl\u00f6sheten eller j\u00e4mviktsarbetsl\u00f6shetensom den ocks\u00e5 ibland kallas av anh\u00e4ngarna till NAIRU-teorin, genomf\u00f6rdes fr\u00e5n b\u00f6rjan av 1990 till slutet av 1992.<\/p>\n<\/div>\n<p>I deth\u00e4r avsnittet t\u00e4nker jag i st\u00e4llet g\u00e5 igenom den andra fasen, fr\u00e5n b\u00f6rjan av 1993 till slutet av 1999.<\/p>\n<p>Den extremt l\u00e5ga syssels\u00e4ttningsniv\u00e5n under den andra fasen har en speciell orsak. Den berodde p\u00e5 att de som fick beh\u00e5lla sina jobb i st\u00e4llet fick arbeta desto mer \u2013 fler timmar i genomsnitt &#8211; \u00e4n de gjort tidigare. N\u00e5got som i sin tur troligen gjordes m\u00f6jligt genom sjukl\u00f6nereformen.\u00a0Sjukl\u00f6nereformen tr\u00e4dde i kraft i januari 1992.<\/p>\n<p>En koll d\u00e4r veckoarbetstiden s\u00e4tts konstant till 30 timmar per sysselselsatt, visar att omkring 150\u00a0000 jobb ytterligare f\u00f6rsvann genom arbetstidsf\u00f6rl\u00e4ngningen.<\/p>\n<p><a href=\"https:\/\/www.fredtorssander.se\/fredpress\/2012\/06\/07\/andra-fasen-i-skapandet-av-naturlig-arbetsloshet-i-sverige\/arbetstid\/\" rel=\"attachment wp-att-62\"><img loading=\"lazy\" decoding=\"async\" class=\"aligncenter size-full wp-image-62\" title=\"arbetstid\" src=\"https:\/\/www.fredtorssander.se\/fredpress\/wp-content\/uploads\/2012\/06\/arbetstid.jpg\" alt=\"\" width=\"606\" height=\"397\" srcset=\"https:\/\/www.fredtorssander.se\/fredpress\/wp-content\/uploads\/2012\/06\/arbetstid.jpg 606w, https:\/\/www.fredtorssander.se\/fredpress\/wp-content\/uploads\/2012\/06\/arbetstid-300x196.jpg 300w, https:\/\/www.fredtorssander.se\/fredpress\/wp-content\/uploads\/2012\/06\/arbetstid-299x195.jpg 299w\" sizes=\"auto, (max-width: 606px) 100vw, 606px\" \/><\/a><\/p>\n<p>N\u00e4r sjukfr\u00e5nvaron \u00e5tergick till mera rimliga niv\u00e5er i slutet av 1990-talet vilket p\u00e5 ledarsidorna kallades \u201dsjukexplosionen\u201d eller \u201dgallopperade sjukfr\u00e5nvaro\u201d, hamnade \u00e4ven syssels\u00e4ttningen p\u00e5 en n\u00e5got b\u00e4ttre \u00a0niv\u00e5. Fast fortfarande mycket l\u00e4gre \u00e4n 1980-talets genomsnitt p\u00e5 80 procent.<\/p>\n<p><a href=\"https:\/\/www.fredtorssander.se\/fredpress\/2012\/06\/07\/andra-fasen-i-skapandet-av-naturlig-arbetsloshet-i-sverige\/sysselsattning16-64\/\" rel=\"attachment wp-att-63\"><img loading=\"lazy\" decoding=\"async\" class=\"aligncenter size-full wp-image-63\" title=\"syssels\u00e4ttning16-64\" src=\"https:\/\/www.fredtorssander.se\/fredpress\/wp-content\/uploads\/2012\/06\/syssels\u00e4ttning16-64.jpg\" alt=\"Syssels\u00e4ttning i Sverige. Sysselsatta som andel av befolkningen 16-64\" width=\"606\" height=\"397\" srcset=\"https:\/\/www.fredtorssander.se\/fredpress\/wp-content\/uploads\/2012\/06\/syssels\u00e4ttning16-64.jpg 606w, https:\/\/www.fredtorssander.se\/fredpress\/wp-content\/uploads\/2012\/06\/syssels\u00e4ttning16-64-300x196.jpg 300w, https:\/\/www.fredtorssander.se\/fredpress\/wp-content\/uploads\/2012\/06\/syssels\u00e4ttning16-64-299x195.jpg 299w\" sizes=\"auto, (max-width: 606px) 100vw, 606px\" \/><\/a><\/p>\n<p>Krisen gick \u00f6ver i stagnation, \u00e4ven om denna stagnation sedan b\u00f6rjan av 2000-talet\u00a0 ligger p\u00e5 en ny niv\u00e5 och varierar n\u00e5gra procent upp och ner omkring 75 %, i st\u00e4llet f\u00f6r kring 72 procent. Varf\u00f6r stagnationen forts\u00e4tter kr\u00e4ver ytterligare f\u00f6rklaring.<\/p>\n<p>Att staten och kommunerna\u00a0frist\u00e4llt 42 % respektive 14 % av sin personal borde inte kunna f\u00f6rhindra att syssels\u00e4ttningsgraden \u00e5ter b\u00f6rjar \u00f6ka n\u00e4r chocken v\u00e4l \u00e4r \u00f6ver. Inte ens n\u00e4r industrin f\u00e5r ut mer arbetstid per anst\u00e4lld,\u00a0 genom bland annat f\u00f6rs\u00e4mrad tillg\u00e4nglighet till ers\u00e4ttning fr\u00e5n sjukf\u00f6rs\u00e4kringen.<\/p>\n<p>Detta arbetsl\u00f6shetspolitikens tredje fas f\u00e5r bli ett eget kapitel.<\/p>\n","protected":false},"excerpt":{"rendered":"<p>Den f\u00f6rsta fasen i etablerandet av den naturliga arbetsl\u00f6sheten eller j\u00e4mviktsarbetsl\u00f6shetensom den ocks\u00e5 ibland kallas av anh\u00e4ngarna till NAIRU-teorin, genomf\u00f6rdes fr\u00e5n b\u00f6rjan av 1990 till slutet av 1992. I deth\u00e4r avsnittet t\u00e4nker jag i st\u00e4llet g\u00e5 igenom den andra fasen, fr\u00e5n b\u00f6rjan av 1993 till slutet av 1999. Den extremt l\u00e5ga syssels\u00e4ttningsniv\u00e5n under den andra [&hellip;]<\/p>\n","protected":false},"author":1,"featured_media":0,"comment_status":"open","ping_status":"open","sticky":false,"template":"","format":"standard","meta":{"footnotes":""},"categories":[11],"tags":[],"class_list":["post-61","post","type-post","status-publish","format-standard","hentry","category-90-talskrisen"],"_links":{"self":[{"href":"https:\/\/www.fredtorssander.se\/fredpress\/wp-json\/wp\/v2\/posts\/61","targetHints":{"allow":["GET"]}}],"collection":[{"href":"https:\/\/www.fredtorssander.se\/fredpress\/wp-json\/wp\/v2\/posts"}],"about":[{"href":"https:\/\/www.fredtorssander.se\/fredpress\/wp-json\/wp\/v2\/types\/post"}],"author":[{"embeddable":true,"href":"https:\/\/www.fredtorssander.se\/fredpress\/wp-json\/wp\/v2\/users\/1"}],"replies":[{"embeddable":true,"href":"https:\/\/www.fredtorssander.se\/fredpress\/wp-json\/wp\/v2\/comments?post=61"}],"version-history":[{"count":7,"href":"https:\/\/www.fredtorssander.se\/fredpress\/wp-json\/wp\/v2\/posts\/61\/revisions"}],"predecessor-version":[{"id":70,"href":"https:\/\/www.fredtorssander.se\/fredpress\/wp-json\/wp\/v2\/posts\/61\/revisions\/70"}],"wp:attachment":[{"href":"https:\/\/www.fredtorssander.se\/fredpress\/wp-json\/wp\/v2\/media?parent=61"}],"wp:term":[{"taxonomy":"category","embeddable":true,"href":"https:\/\/www.fredtorssander.se\/fredpress\/wp-json\/wp\/v2\/categories?post=61"},{"taxonomy":"post_tag","embeddable":true,"href":"https:\/\/www.fredtorssander.se\/fredpress\/wp-json\/wp\/v2\/tags?post=61"}],"curies":[{"name":"wp","href":"https:\/\/api.w.org\/{rel}","templated":true}]}}