{"id":424,"date":"2020-04-03T12:46:47","date_gmt":"2020-04-03T10:46:47","guid":{"rendered":"http:\/\/www.fredtorssander.se\/fredpress\/?p=424"},"modified":"2020-04-03T12:46:47","modified_gmt":"2020-04-03T10:46:47","slug":"att-anvanda-krisen-som-nationalekonom","status":"publish","type":"post","link":"https:\/\/www.fredtorssander.se\/fredpress\/2020\/04\/03\/att-anvanda-krisen-som-nationalekonom\/","title":{"rendered":"Att anv\u00e4nda krisen som nationalekonom&#8230;"},"content":{"rendered":"\n<p>F\u00f6r att det skall bli m\u00f6jligt att utnyttja Corona-krisen till att avr\u00e4tta den allm\u00e4nna r\u00e4tten till arbetsl\u00f6shetsunderst\u00f6d och f\u00f6r att kunna f\u00f6rankra detta genom f\u00f6rment objektiva nationalekonomiska argument som nu till exempel p\u00e5 <a href=\"https:\/\/ekonomistas.se\/2020\/04\/02\/oskar-nordstrom-skans-bredda-a-kassan-men-pa-ratt-satt\/ \">Ekonomistas\u00a0sida<\/a> kr\u00e4vs att dessa argument \u00e5tminstone bland ekonomer f\u00e5r st\u00e5 oemotsagda. D\u00e4rf\u00f6r m\u00e5ste debatten begr\u00e4nsas till s\u00e5dana ekonomer som \u00e4r ense om att arbetsl\u00f6shetspolitiken \u2013 effekten av j\u00e4mviktsarbetsl\u00f6sheten, eller den l\u00e5ngsiktigt h\u00e5llbara arbetsl\u00f6shetsniv\u00e5n &#8211; \u00a0nu m\u00e5ste f\u00e5 kompletteras med ytterligare andra metoder d\u00e5 arbetskraftsimporten har minskats. Allra helst d\u00e4rh\u00e4n att s\u00e5dana arbeten som hittills har kr\u00e4vt arbetskraftsimport, s\u00e5dant som b\u00e4rplockning, (\u201dDet \u00e4r inte osannolikt att det relativt snart finns stora personalbehov inom jordbruk och annan livsmedelsproduktion om vi inte f\u00e5r den vanliga tillg\u00e5ngen till utl\u00e4ndsk arbetskraft.\u201d) fram\u00f6ver kan \u00e5l\u00e4ggas arbetsl\u00f6sa utanf\u00f6r (de enligt ett inl\u00e4gg f\u00f6rhoppningsvis privatiserade \u2013 fast f\u00f6rmodar jag \u00e4nd\u00e5 inte av facken kontrollerade) a-kassorna. <br> Den som l\u00e4ste artikeln om <a href=\"https:\/\/www.nationalekonomi.se\/sites\/default\/files\/NEFfiler\/46-7-lh.pdf \">Kalkylr\u00e4ntan i Ekonomisk Debatt<\/a> kan bidra med att p\u00e5peka att s\u00e5 har den svenska staten alltid tidigare f\u00e5tt g\u00f6ra med bidragsbeh\u00f6vande n\u00e4r det g\u00e4ller skogsbruket.<\/p>\n\n\n\n<p>Givetvis kan s\u00e5dana statliga motkrav f\u00f6r arbetsl\u00f6shetsers\u00e4ttningen motiveras med att detta \u00e4r n\u00f6dv\u00e4ndigt f\u00f6r att f\u00f6rm\u00f6genheter och toppinkomster ska forts\u00e4tta v\u00e4xa. Men det \u00e4r inte sj\u00e4lvklart att s\u00e5dan tillv\u00e4xt inneb\u00e4r n\u00e5gon tillv\u00e4xt av produktion eller produktivitet i det aktuella landet. Se tex. min sida om <a href=\"https:\/\/www.fredtorssander.se\/fredpress\/2018\/09\/05\/restaurationen-i-borjan-av-1990-talet-slutpunkten-for-den-svenska-kapitalismens-tillvaxtsaga\/\">Slutpunkten f\u00f6r den svenska kapitalismens tillv\u00e4xtsaga <\/a><\/p>\n\n\n\n<p>De \u00e5sikter som framf\u00f6rs i denna fr\u00e5ga av nationalekonomerna p\u00e5 Ekonomistas \u00e4r enbart klassf\u00f6rdomar, uttryck f\u00f6r kapitalistklassens kortsiktiga monetaristiska intressen enbart. Inte exempel p\u00e5 n\u00e5got f\u00f6rs\u00f6k att bidra till att minska det humanit\u00e4ra eller ens det ekonomiska el\u00e4nde som kommer i Coronapandemins sp\u00e5r. <\/p>\n","protected":false},"excerpt":{"rendered":"<p>F\u00f6r att det skall bli m\u00f6jligt att utnyttja Corona-krisen till att avr\u00e4tta den allm\u00e4nna r\u00e4tten till arbetsl\u00f6shetsunderst\u00f6d och f\u00f6r att kunna f\u00f6rankra detta genom f\u00f6rment objektiva nationalekonomiska argument som nu till exempel p\u00e5 Ekonomistas\u00a0sida kr\u00e4vs att dessa argument \u00e5tminstone bland ekonomer f\u00e5r st\u00e5 oemotsagda. D\u00e4rf\u00f6r m\u00e5ste debatten begr\u00e4nsas till s\u00e5dana ekonomer som \u00e4r ense om [&hellip;]<\/p>\n","protected":false},"author":1,"featured_media":0,"comment_status":"open","ping_status":"open","sticky":false,"template":"","format":"standard","meta":{"footnotes":""},"categories":[1],"tags":[28],"class_list":["post-424","post","type-post","status-publish","format-standard","hentry","category-okategoriserade","tag-ekonomistas"],"_links":{"self":[{"href":"https:\/\/www.fredtorssander.se\/fredpress\/wp-json\/wp\/v2\/posts\/424","targetHints":{"allow":["GET"]}}],"collection":[{"href":"https:\/\/www.fredtorssander.se\/fredpress\/wp-json\/wp\/v2\/posts"}],"about":[{"href":"https:\/\/www.fredtorssander.se\/fredpress\/wp-json\/wp\/v2\/types\/post"}],"author":[{"embeddable":true,"href":"https:\/\/www.fredtorssander.se\/fredpress\/wp-json\/wp\/v2\/users\/1"}],"replies":[{"embeddable":true,"href":"https:\/\/www.fredtorssander.se\/fredpress\/wp-json\/wp\/v2\/comments?post=424"}],"version-history":[{"count":1,"href":"https:\/\/www.fredtorssander.se\/fredpress\/wp-json\/wp\/v2\/posts\/424\/revisions"}],"predecessor-version":[{"id":425,"href":"https:\/\/www.fredtorssander.se\/fredpress\/wp-json\/wp\/v2\/posts\/424\/revisions\/425"}],"wp:attachment":[{"href":"https:\/\/www.fredtorssander.se\/fredpress\/wp-json\/wp\/v2\/media?parent=424"}],"wp:term":[{"taxonomy":"category","embeddable":true,"href":"https:\/\/www.fredtorssander.se\/fredpress\/wp-json\/wp\/v2\/categories?post=424"},{"taxonomy":"post_tag","embeddable":true,"href":"https:\/\/www.fredtorssander.se\/fredpress\/wp-json\/wp\/v2\/tags?post=424"}],"curies":[{"name":"wp","href":"https:\/\/api.w.org\/{rel}","templated":true}]}}