{"id":385,"date":"2019-06-26T15:51:28","date_gmt":"2019-06-26T13:51:28","guid":{"rendered":"http:\/\/www.fredtorssander.se\/fredpress\/?p=385"},"modified":"2019-06-26T15:51:28","modified_gmt":"2019-06-26T13:51:28","slug":"ekonomistas-forklarar-populismen","status":"publish","type":"post","link":"https:\/\/www.fredtorssander.se\/fredpress\/2019\/06\/26\/ekonomistas-forklarar-populismen\/","title":{"rendered":"Ekonomistas f\u00f6rklarar populismen?"},"content":{"rendered":"<p>P\u00e5 bloggsidan \u201dEkonomistas\u201d har Jesper Roine lagt upp en intressant sammanst\u00e4llning av<a href=\"https:\/\/ekonomistas.se\/2019\/05\/23\/varfor-okar-populismen-i-europa\/\"> rent ekonomiska f\u00f6rklaringsmodeller till populismens v\u00e4xande omfattning.<\/a> Tyv\u00e4rr har nedanst\u00e5ende text inte getts utrymme vare sig d\u00e4r eller p\u00e5 Clart\u00e9s debattsida.<\/p>\n<hr \/>\n<p>Visst \u00e4r det ett framsteg att de politiska r\u00f6relserna och partierna beskrivs som uttryck f\u00f6r intressekamp mellan olika grupper (i andra humanistiska vetenskaper emellan\u00e5t kallade klasser). Och att g\u00e5 vidare med marknadstermer och beskriva dem som s\u00e4tter namn och karakt\u00e4r p\u00e5 politiken f\u00f6r utbudssidan \u00e4r r\u00e4tt roande. Men samtidigt g\u00e4ller det att minnas att det till syvvende och sidst \u00e4r \u00e4garna, inte designers och marknadsf\u00f6rare som best\u00e4mmer vad som skall produceras. Det \u00e4r staten och kapitalet som styr skattefinansieringen och g\u00e5vorna till valkampanjen, vilka idag \u00e4r det avg\u00f6rande f\u00f6r valresultaten.<br \/>\nMarknadsresonemang \u00e4r filosofiskt sett materialistiska kan bland annat d\u00e4rf\u00f6r\u00a0 anv\u00e4ndas f\u00f6r att i alla fall delvis beskriva den materiella verkligheten f\u00f6r den parlamentariska politiken.<br \/>\nEtt exempel p\u00e5 hur marknadstermer skulle kunna anv\u00e4ndas f\u00f6r att beskriva forts\u00e4ttningen fr\u00e5n det enkla utbuds och efterfr\u00e5gan-resonemanget i de f\u00f6rklaringsmodeller som redovisas i blogginl\u00e4gget p\u00e5 Ekonomistas sida skulle kunna se ut s\u00e5h\u00e4r:<\/p>\n<p style=\"padding-left: 30px;\">I fall den valda produkten (det parti som v\u00e4ljaren r\u00f6star p\u00e5) inte uppfyller utbudssidans (partiets valr\u00f6relse) programf\u00e4sta eller underf\u00f6rst\u00e5dda l\u00f6ften till k\u00f6parna (v\u00e4ljarna), kan det t\u00e4nkas att dessa byter m\u00e4rke (dvs. parti). G\u00e5ng p\u00e5 g\u00e5ng. Och om de gamla etablerade m\u00e4rkenas inb\u00f6rdes t\u00e4vlan med tiden har avsl\u00f6jats som enbart konkurrens genom produktdifferentiering har ett nytillkommet m\u00e4rke stora m\u00f6jligheter att etablera sig. Till dess att det visar sig att inte heller detta nya m\u00e4rke uppfyller vare sig uttalade eller implicita l\u00f6ften.<\/p>\n<p>Och detta kunde sedan utvecklas ytterligare med bekr\u00e4ftelse av den politiska f\u00f6retagsamhetens v\u00e4rde:<\/p>\n<p style=\"padding-left: 30px;\">Det entrepren\u00f6rskap som ligger i att skapa nytt p\u00e5 den politiska utbudssidan har allts\u00e5 en viktig samh\u00e4llsbevarande uppgift. Vilket \u00e4garna av de resurser som skapar utbudet av allt att d\u00f6ma f\u00f6rst\u00e5r att bel\u00f6na v\u00e4l. B\u00e5de genom egna bidrag och via staten.<\/p>\n<p>Jesper Roine har f\u00f6rbisett den n\u00e5got tidigare ess\u00e4 som undertecknad skrev f\u00f6rra g\u00e5ngen fr\u00e5gan om <a href=\"https:\/\/www.fredtorssander.se\/fredpress\/2017\/04\/25\/sd-sympatierna-en-konsekvens-av-nyliberalismen-och-homo-economicus\/\">SD och populismen var uppe p\u00e5 Ekonomistas sida<\/a>.<br \/>\nF\u00f6rbiseendet \u00e4r helt urs\u00e4ktligt, undertecknad \u00e4r inte nationalekonom och den teoretiska ansats som jag pr\u00f6vade var definitivt inte ortodox nationalekonomi. Jag testade Kominterns analys av orsakerna till fascismens\/nazismens tillv\u00e4xt i Europa p\u00e5 1930-talet. Och den analysen verkade faktiskt kunna h\u00e5lla \u00e4ven idag.<br \/>\nMen framf\u00f6r allt m\u00e5ste s\u00e4gas att det \u00e4r ett framsteg att de politiska r\u00f6relserna och partierna beskrivs som uttryck f\u00f6r intressekamp mellan olika grupper i samh\u00e4llet, socio-ekonomiska klasser, och att ekonomiska, mera materialistiska f\u00f6rklaringsmodeller till politikens v\u00e4xlingar blir pr\u00f6vade!<\/p>\n","protected":false},"excerpt":{"rendered":"<p>P\u00e5 bloggsidan \u201dEkonomistas\u201d har Jesper Roine lagt upp en intressant sammanst\u00e4llning av rent ekonomiska f\u00f6rklaringsmodeller till populismens v\u00e4xande omfattning. Tyv\u00e4rr har nedanst\u00e5ende text inte getts utrymme vare sig d\u00e4r eller p\u00e5 Clart\u00e9s debattsida. Visst \u00e4r det ett framsteg att de politiska r\u00f6relserna och partierna beskrivs som uttryck f\u00f6r intressekamp mellan olika grupper (i andra humanistiska [&hellip;]<\/p>\n","protected":false},"author":1,"featured_media":0,"comment_status":"open","ping_status":"open","sticky":false,"template":"","format":"standard","meta":{"footnotes":""},"categories":[1],"tags":[],"class_list":["post-385","post","type-post","status-publish","format-standard","hentry","category-okategoriserade"],"_links":{"self":[{"href":"https:\/\/www.fredtorssander.se\/fredpress\/wp-json\/wp\/v2\/posts\/385","targetHints":{"allow":["GET"]}}],"collection":[{"href":"https:\/\/www.fredtorssander.se\/fredpress\/wp-json\/wp\/v2\/posts"}],"about":[{"href":"https:\/\/www.fredtorssander.se\/fredpress\/wp-json\/wp\/v2\/types\/post"}],"author":[{"embeddable":true,"href":"https:\/\/www.fredtorssander.se\/fredpress\/wp-json\/wp\/v2\/users\/1"}],"replies":[{"embeddable":true,"href":"https:\/\/www.fredtorssander.se\/fredpress\/wp-json\/wp\/v2\/comments?post=385"}],"version-history":[{"count":2,"href":"https:\/\/www.fredtorssander.se\/fredpress\/wp-json\/wp\/v2\/posts\/385\/revisions"}],"predecessor-version":[{"id":387,"href":"https:\/\/www.fredtorssander.se\/fredpress\/wp-json\/wp\/v2\/posts\/385\/revisions\/387"}],"wp:attachment":[{"href":"https:\/\/www.fredtorssander.se\/fredpress\/wp-json\/wp\/v2\/media?parent=385"}],"wp:term":[{"taxonomy":"category","embeddable":true,"href":"https:\/\/www.fredtorssander.se\/fredpress\/wp-json\/wp\/v2\/categories?post=385"},{"taxonomy":"post_tag","embeddable":true,"href":"https:\/\/www.fredtorssander.se\/fredpress\/wp-json\/wp\/v2\/tags?post=385"}],"curies":[{"name":"wp","href":"https:\/\/api.w.org\/{rel}","templated":true}]}}