{"id":293,"date":"2016-06-02T12:17:32","date_gmt":"2016-06-02T10:17:32","guid":{"rendered":"http:\/\/www.fredtorssander.se\/fredpress\/?p=293"},"modified":"2016-06-02T12:17:32","modified_gmt":"2016-06-02T10:17:32","slug":"kan-unts-johan-rudstrom-losa-flyktingkrisen","status":"publish","type":"post","link":"https:\/\/www.fredtorssander.se\/fredpress\/2016\/06\/02\/kan-unts-johan-rudstrom-losa-flyktingkrisen\/","title":{"rendered":"Kan UNT:s Johan Rudstr\u00f6m l\u00f6sa flyktingkrisen?"},"content":{"rendered":"<p>Det \u00e4r st\u00f6rande n\u00e4r liken flyter iland p\u00e5 badstr\u00e4nderna. Men UNT:s Johan Rudstr\u00f6m erbjuder en l\u00f6sning under rubriken \u201dL\u00f6sningen p\u00e5 flyktingkrisen\u201d (UNT ledare 2\/6)<a href=\"https:\/\/www.fredtorssander.se\/fredpress\/wp-admin\/post-new.php#_edn1\" name=\"_ednref1\">[i]<\/a>.<\/p>\n<p>Rudstr\u00f6m inleder med att definiera problemet som skall l\u00f6sas: \u201dHittills i \u00e5r har 2 500 omkommit i b\u00e5tolyckor, vilket \u00e4r fler \u00e4n under samma period i fjol.\u201d<\/p>\n<p>Som Rudstr\u00f6m\u00a0beskriver saken skulle problemet allts\u00e5 vara l\u00f6st om bara Kanadas l\u00f6fte om att ta emot ett antal syriska krigsflyktingar, om \u201dblygsamma 25 000 flyktingar kunde appliceras p\u00e5 EU, USA, Japan, Sydkorea och Australien, skulle 750 000 flyktingar f\u00e5 en ny framtid och slippa d\u00f6den p\u00e5 havet eller lastbilsflaket\u201d.<\/p>\n<p>I fall vi g\u00e5r med p\u00e5 begr\u00e4nsningen av flyktingkrisen till att enbart handla om s\u00e5dana d\u00f6dsfall bland just syriska krigsflyktingar vilka blir p\u00e5tagliga i media genom att de intr\u00e4ffar i n\u00e4rheten av Europa &#8211; p\u00e5 havet eller lastbilsflaket &#8211; kan faktiskt Rudstr\u00f6ms modell t\u00e4nkas fungera. Dvs. f\u00f6r de 750\u00a0000 flyktingar som skulle \u201df\u00e5 en ny framtid\u201d. Dessa skulle troligen komma att f\u00e5 \u00f6verleva i mottagarl\u00e4nderna.<\/p>\n<p>Antalet flyktingar i Europas n\u00e4romr\u00e5de \u00e4r dock lite fler \u00e4n s\u00e5. I fall vi r\u00e4knar med dem som har flytt fr\u00e5n Syrien enbart, och bland dessa enbart flyktingar som befinner sig i Turkiet, r\u00f6r det sig om ca 2,7 miljoner<a href=\"https:\/\/www.fredtorssander.se\/fredpress\/wp-admin\/post-new.php#_edn2\" name=\"_ednref2\">[ii]<\/a>. Det sammanlagda antalet flyktingar som skapats genom krigshandlingarna i Syrien \u2013 bortsett fr\u00e5n internflyktingarna \u2013 r\u00f6r sig om ungef\u00e4r 4,8 miljoner.<\/p>\n<p>En h\u00f6gst avsev\u00e4rd del av dessa flyktingar fick i h\u00f6stas inte mat eller ens tillg\u00e5ng till v\u00e5rd genom FN:s flyktinghj\u00e4lp. Detta har faktiskt rapporterats \u00e4ven i svenska media. Och dessutom p\u00e5pekades att detta var en orsak till att flyktingar flydde vidare till \u201dd\u00f6den p\u00e5 havet eller lastbilsflaket.\u201d Chefen f\u00f6r FN:s matprogram World Food Program, sa till en svensk korrespondent att<a href=\"https:\/\/www.fredtorssander.se\/fredpress\/wp-admin\/post-new.php#_edn3\" name=\"_ednref3\">[iii]<\/a><\/p>\n<p>\u2013 Vi har tvingats att helt dra in mat och vatten f\u00f6r fler \u00e4n 360 000 flyktingar i l\u00e4gren i Libanon och Jordanien. Dessutom har vi tvingats halvera de redan sm\u00e5 matransonerna f\u00f6r ytterligare 1,3 miljoner m\u00e4nniskor p\u00e5 flykt fr\u00e5n Syrienkriget\u201d<\/p>\n<p>Den akuta matkrisen f\u00f6r WFP var f\u00f6rra \u00e5ret i september och det kr\u00e4vs lite letande f\u00f6r att hitta n\u00e5gon uppdatering.<\/p>\n<p>Det visade sig i utl\u00e4ndsk media ha skrivits om att WFP har f\u00e5tt l\u00f6fte om bidrag som kr\u00e4vdes f\u00f6r att \u00e5teruppta f\u00f6rs\u00f6rjningen av flyktingarna med livsmedel. Samt \u00e4ven f\u00f6r att kunna forts\u00e4tta detta fram till oktober i \u00e5r. Sammanlagt 675 miljoner US dollar hade utlovats, varav 623 USD fr\u00e5n Tyskland<a href=\"https:\/\/www.fredtorssander.se\/fredpress\/wp-admin\/post-new.php#_edn4\" name=\"_ednref4\">[iv]<\/a>.<\/p>\n<p>WFP:s eget informationsmaterial i fr\u00e5gan \u00e4r inte riktigt lika odelat positivt. De r\u00e4knar med att pengarna r\u00e4cker till slutet av juni, d\u00e5 de m\u00e5ste f\u00e5 utbetalningarna gjorda fr\u00e5n de regeringar som lovat ocks\u00e5<a href=\"https:\/\/www.fredtorssander.se\/fredpress\/wp-admin\/post-new.php#_edn5\" name=\"_ednref5\">[v]<\/a>.<\/p>\n<p>Hur mycket gav d\u00e5 Sverige? S\u00e5vitt jag kan se r\u00f6rde det sig om 25 miljoner. Svenska Kronor<a href=\"https:\/\/www.fredtorssander.se\/fredpress\/wp-admin\/post-new.php#_edn6\" name=\"_ednref6\">[vi]<\/a>.<\/p>\n<p>Johan Rudstr\u00f6m antyder mot slutet av sin artikel att han kan t\u00e4nka sig ytterligare \u00e5tg\u00e4rder i fall det inte skulle visa sig m\u00f6jligt f\u00f6r EU, USA, Japan, Sydkorea och Australien att sammanlagt ta emot 750\u00a0000 av flyktingarna. Och \u00e4ven \u2013 f\u00e5r man f\u00f6rmoda &#8211; om denna hans l\u00f6sning av flyktingkrisen skulle visa sig vara otillr\u00e4cklig i fall den genomf\u00f6rdes.<\/p>\n<p>\u201dAustraliensarna genskjuter alla flyktingb\u00e5tar p\u00e5 havet och f\u00f6r dem tillbaka till platsen de kommit fr\u00e5n. Knappast i linje med internationella konventioner, men resultatet \u00e4r noll d\u00f6da p\u00e5 havet under 2016. I EU kan vi b\u00f6rja d\u00e4r och sedan g\u00e5 vidare och ta ansvar fullt ut.\u201d<\/p>\n<p>Exakt hur Rudstr\u00f6m menar att EU ska g\u00e5 vidare och ta sitt ansvar fullt ut framg\u00e5r inte. Men att han inte n\u00e4mner att f\u00f6rs\u00f6rjningen av flyktingarna i l\u00e4gren m\u00e5ste s\u00e4kras s\u00e4ger en hel del. Speciellt som han menar att EU:s ansvarstagande inte skall bindas upp till att vara i linje med internationella konventioner.<\/p>\n<p>Om vi kan b\u00f6rja d\u00e4r och sedan g\u00e5 vidare som Rudstr\u00f6m skriver, finns det sj\u00e4lvklart m\u00e5nga andra sorters l\u00f6sningar p\u00e5 flyktingkrisen.<\/p>\n<p>____<\/p>\n<p><a href=\"https:\/\/www.fredtorssander.se\/fredpress\/wp-admin\/post-new.php#_ednref1\" name=\"_edn1\">[i]<\/a> <a href=\"http:\/\/unt.se\/asikt\/ledare\/losningen-pa-flyktingkrisen-4253462.aspx#comment\">http:\/\/unt.se\/asikt\/ledare\/losningen-pa-flyktingkrisen-4253462.aspx#comment<\/a><\/p>\n<p><a href=\"https:\/\/www.fredtorssander.se\/fredpress\/wp-admin\/post-new.php#_ednref2\" name=\"_edn2\">[ii]<\/a> <a href=\"http:\/\/data.unhcr.org\/syrianrefugees\/country.php?id=224\">http:\/\/data.unhcr.org\/syrianrefugees\/country.php?id=224<\/a><\/p>\n<p><a href=\"https:\/\/www.fredtorssander.se\/fredpress\/wp-admin\/post-new.php#_ednref3\" name=\"_edn3\">[iii]<\/a>FN-chef sl\u00e5r larm om matbrist i flyktingl\u00e4ger Publicerat tisdag 22 september 2015 kl 07.37 <a href=\"http:\/\/sverigesradio.se\/sida\/artikel.aspx?programid=83&amp;artikel=6260800\">http:\/\/sverigesradio.se\/sida\/artikel.aspx?programid=83&amp;artikel=6260800<\/a><\/p>\n<p>&nbsp;<\/p>\n<p><a href=\"https:\/\/www.fredtorssander.se\/fredpress\/wp-admin\/post-new.php#_ednref4\" name=\"_edn4\">[iv]<\/a> <a href=\"https:\/\/nonprofitquarterly.org\/2016\/03\/02\/world-food-programme-restores-full-rations-to-syrian-people\/\">https:\/\/nonprofitquarterly.org\/2016\/03\/02\/world-food-programme-restores-full-rations-to-syrian-people\/<\/a><\/p>\n<p><a href=\"https:\/\/www.fredtorssander.se\/fredpress\/wp-admin\/post-new.php#_ednref5\" name=\"_edn5\">[v]<\/a> From May 2016 onwards, WFP will be able to distribute a full food basket with no reductions in ration content for the first time since the start of the emergency operation in 2011. This great achievement would not be possible but for the generous contributions of donors since the beginning of 2016 and the continuously improving supply chain. At present, WFP operational funding requirements are covered until the end of June; however, WFP is optimistic it will be fully funded until the end of the year as long as the pledges of the London conference are confirmed in time. <a href=\"http:\/\/documents.wfp.org\/stellent\/groups\/Public\/documents\/ep\/WFP283918.pdf\">http:\/\/documents.wfp.org\/stellent\/groups\/Public\/documents\/ep\/WFP283918.pdf<\/a><\/p>\n<p><a href=\"https:\/\/www.fredtorssander.se\/fredpress\/wp-admin\/post-new.php#_ednref6\" name=\"_edn6\">[vi]<\/a> <a href=\"http:\/\/www.regeringen.se\/pressmeddelanden\/2015\/09\/regeringen-ger-extra-pengar-till-fns-livsmedelsprogram-i-syrien\/\">http:\/\/www.regeringen.se\/pressmeddelanden\/2015\/09\/regeringen-ger-extra-pengar-till-fns-livsmedelsprogram-i-syrien\/<\/a><\/p>\n","protected":false},"excerpt":{"rendered":"<p>Det \u00e4r st\u00f6rande n\u00e4r liken flyter iland p\u00e5 badstr\u00e4nderna. Men UNT:s Johan Rudstr\u00f6m erbjuder en l\u00f6sning under rubriken \u201dL\u00f6sningen p\u00e5 flyktingkrisen\u201d (UNT ledare 2\/6)[i]. Rudstr\u00f6m inleder med att definiera problemet som skall l\u00f6sas: \u201dHittills i \u00e5r har 2 500 omkommit i b\u00e5tolyckor, vilket \u00e4r fler \u00e4n under samma period i fjol.\u201d Som Rudstr\u00f6m\u00a0beskriver saken skulle [&hellip;]<\/p>\n","protected":false},"author":1,"featured_media":0,"comment_status":"open","ping_status":"open","sticky":false,"template":"","format":"standard","meta":{"footnotes":""},"categories":[1],"tags":[],"class_list":["post-293","post","type-post","status-publish","format-standard","hentry","category-okategoriserade"],"_links":{"self":[{"href":"https:\/\/www.fredtorssander.se\/fredpress\/wp-json\/wp\/v2\/posts\/293","targetHints":{"allow":["GET"]}}],"collection":[{"href":"https:\/\/www.fredtorssander.se\/fredpress\/wp-json\/wp\/v2\/posts"}],"about":[{"href":"https:\/\/www.fredtorssander.se\/fredpress\/wp-json\/wp\/v2\/types\/post"}],"author":[{"embeddable":true,"href":"https:\/\/www.fredtorssander.se\/fredpress\/wp-json\/wp\/v2\/users\/1"}],"replies":[{"embeddable":true,"href":"https:\/\/www.fredtorssander.se\/fredpress\/wp-json\/wp\/v2\/comments?post=293"}],"version-history":[{"count":2,"href":"https:\/\/www.fredtorssander.se\/fredpress\/wp-json\/wp\/v2\/posts\/293\/revisions"}],"predecessor-version":[{"id":295,"href":"https:\/\/www.fredtorssander.se\/fredpress\/wp-json\/wp\/v2\/posts\/293\/revisions\/295"}],"wp:attachment":[{"href":"https:\/\/www.fredtorssander.se\/fredpress\/wp-json\/wp\/v2\/media?parent=293"}],"wp:term":[{"taxonomy":"category","embeddable":true,"href":"https:\/\/www.fredtorssander.se\/fredpress\/wp-json\/wp\/v2\/categories?post=293"},{"taxonomy":"post_tag","embeddable":true,"href":"https:\/\/www.fredtorssander.se\/fredpress\/wp-json\/wp\/v2\/tags?post=293"}],"curies":[{"name":"wp","href":"https:\/\/api.w.org\/{rel}","templated":true}]}}